{"id":4070,"date":"2024-12-28T14:52:10","date_gmt":"2024-12-28T14:52:10","guid":{"rendered":"https:\/\/vshadres.ac.at\/?p=4070"},"modified":"2025-01-06T12:09:09","modified_gmt":"2025-01-06T12:09:09","slug":"adventfenster-2024","status":"publish","type":"post","link":"http:\/\/vshadres.ac.at\/?p=4070","title":{"rendered":"Adventfenster 2024"},"content":{"rendered":"<p>Nachdem das Adventfenster der VS Hadres im letzten Jahr ein voller Erfolg war, gestalteten die Kinder auch dieses Jahr wieder ein Fenster.<\/p>\n<p>Um f\u00fcr die richtige Weihnachtsstimmung zu sorgen, haben alle Klassen St\u00fccke vorbereitet, welche den Anwesenden vorgetragen wurden. Bei der Ver\u00f6ffentlichung des Fensters sorgte der Elternverein der VS Hadres f\u00fcr eine umfangreiche Verk\u00f6stigung mit Punsch, Kuchen und weiteren K\u00f6stlichkeiten.<\/p>\n<p>Ebenfalls wurde ein kleiner Adventmarkt in der Aula der Schule von den Kindern organisiert und die vierte Klasse durfte ihre selbstgebauten Krippen ausstellen.<\/p>\n<p><img loading=\"lazy\" decoding=\"async\" class=\"alignnone size-medium wp-image-4063\" src=\"http:\/\/vshadres.ac.at\/wp-content\/uploads\/2025\/01\/1736161645519-300x225.jpg\" alt=\"\" width=\"300\" height=\"225\" srcset=\"http:\/\/vshadres.ac.at\/wp-content\/uploads\/2025\/01\/1736161645519-300x225.jpg 300w, http:\/\/vshadres.ac.at\/wp-content\/uploads\/2025\/01\/1736161645519-1024x768.jpg 1024w, http:\/\/vshadres.ac.at\/wp-content\/uploads\/2025\/01\/1736161645519-768x576.jpg 768w, http:\/\/vshadres.ac.at\/wp-content\/uploads\/2025\/01\/1736161645519-1536x1152.jpg 1536w, http:\/\/vshadres.ac.at\/wp-content\/uploads\/2025\/01\/1736161645519.jpg 1600w\" sizes=\"auto, (max-width: 300px) 100vw, 300px\" \/><\/p>\n<p><a href=\"https:\/\/www.noen.at\/hollabrunn\/adventfensterfeier-unglaublich-kreativ-hadreser-schulkinder-bauten-ihre-krippen-selbst-452435471\">Link zum Artikel der N\u00d6N<\/a><\/p>\n<p><a href=\"https:\/\/vshadres-my.sharepoint.com\/:f:\/g\/personal\/fotos_vshadres_ac_at\/EmXZa7VQFPRGnwrQWgSf6RoBZWLIC44NDsJa_T77vDlMCg?e=u6Cg7A\">Link zu den Fotos<\/a><\/p>\n","protected":false},"excerpt":{"rendered":"<p>Nachdem das Adventfenster der VS Hadres im letzten Jahr ein voller Erfolg war, gestalteten die Kinder auch dieses Jahr wieder ein Fenster. Um f\u00fcr die richtige Weihnachtsstimmung zu sorgen, haben alle Klassen St\u00fccke vorbereitet, welche den Anwesenden vorgetragen wurden. Bei der Ver\u00f6ffentlichung des Fensters sorgte der Elternverein der VS Hadres f\u00fcr eine umfangreiche Verk\u00f6stigung mit &hellip; <\/p>\n<p class=\"link-more\"><a href=\"http:\/\/vshadres.ac.at\/?p=4070\" class=\"more-link\"><span class=\"screen-reader-text\">\u201eAdventfenster 2024\u201c<\/span> weiterlesen<\/a><\/p>\n","protected":false},"author":1,"featured_media":0,"comment_status":"closed","ping_status":"closed","sticky":false,"template":"","format":"standard","meta":{"footnotes":""},"categories":[1],"tags":[],"class_list":["post-4070","post","type-post","status-publish","format-standard","hentry","category-uncategorized"],"_links":{"self":[{"href":"http:\/\/vshadres.ac.at\/index.php?rest_route=\/wp\/v2\/posts\/4070","targetHints":{"allow":["GET"]}}],"collection":[{"href":"http:\/\/vshadres.ac.at\/index.php?rest_route=\/wp\/v2\/posts"}],"about":[{"href":"http:\/\/vshadres.ac.at\/index.php?rest_route=\/wp\/v2\/types\/post"}],"author":[{"embeddable":true,"href":"http:\/\/vshadres.ac.at\/index.php?rest_route=\/wp\/v2\/users\/1"}],"replies":[{"embeddable":true,"href":"http:\/\/vshadres.ac.at\/index.php?rest_route=%2Fwp%2Fv2%2Fcomments&post=4070"}],"version-history":[{"count":1,"href":"http:\/\/vshadres.ac.at\/index.php?rest_route=\/wp\/v2\/posts\/4070\/revisions"}],"predecessor-version":[{"id":4071,"href":"http:\/\/vshadres.ac.at\/index.php?rest_route=\/wp\/v2\/posts\/4070\/revisions\/4071"}],"wp:attachment":[{"href":"http:\/\/vshadres.ac.at\/index.php?rest_route=%2Fwp%2Fv2%2Fmedia&parent=4070"}],"wp:term":[{"taxonomy":"category","embeddable":true,"href":"http:\/\/vshadres.ac.at\/index.php?rest_route=%2Fwp%2Fv2%2Fcategories&post=4070"},{"taxonomy":"post_tag","embeddable":true,"href":"http:\/\/vshadres.ac.at\/index.php?rest_route=%2Fwp%2Fv2%2Ftags&post=4070"}],"curies":[{"name":"wp","href":"https:\/\/api.w.org\/{rel}","templated":true}]}}