{"id":3877,"date":"2023-07-20T07:54:22","date_gmt":"2023-07-20T07:54:22","guid":{"rendered":"https:\/\/vshadres.ac.at\/?p=3877"},"modified":"2023-07-20T07:54:22","modified_gmt":"2023-07-20T07:54:22","slug":"verabschiedung-der-4-klasse","status":"publish","type":"post","link":"http:\/\/vshadres.ac.at\/?p=3877","title":{"rendered":"Verabschiedung der 4. Klasse"},"content":{"rendered":"<p>Nach vier langen Jahren stand der gro\u00dfe Abschied bevor. Nach einem turbulenten Jahr mit Lehrerwechsel und Schularbeiten ging f\u00fcr die Kinder der 4. Klasse ein Abenteuer zu Ende!<\/p>\n<p>Nachdem einige Tr\u00e4nen vergossen wurden, gingen die Kinder in die wohlverdienten Ferien und freuen sich bereits auf die n\u00e4chste Schule.<\/p>\n<p>Es gab auch eine Abschlussfeier bei Familie Schweifer, bei der die Kinder noch ein letztes Mal alle gemeinsam den Tag verbrachten und sich bestens am\u00fcsierten.<\/p>\n<p>Wir w\u00fcnschen viel Gl\u00fcck in der neuen Schule!<\/p>\n<p><img loading=\"lazy\" decoding=\"async\" class=\"aligncenter wp-image-3878 size-large\" src=\"http:\/\/vshadres.ac.at\/wp-content\/uploads\/2023\/07\/1689835567758-1024x576.jpg\" alt=\"\" width=\"474\" height=\"267\" srcset=\"http:\/\/vshadres.ac.at\/wp-content\/uploads\/2023\/07\/1689835567758-1024x576.jpg 1024w, http:\/\/vshadres.ac.at\/wp-content\/uploads\/2023\/07\/1689835567758-300x169.jpg 300w, http:\/\/vshadres.ac.at\/wp-content\/uploads\/2023\/07\/1689835567758-768x432.jpg 768w, http:\/\/vshadres.ac.at\/wp-content\/uploads\/2023\/07\/1689835567758-1536x864.jpg 1536w, http:\/\/vshadres.ac.at\/wp-content\/uploads\/2023\/07\/1689835567758-2048x1152.jpg 2048w\" sizes=\"auto, (max-width: 474px) 100vw, 474px\" \/><\/p>\n<p><a href=\"https:\/\/vshadres-my.sharepoint.com\/:f:\/g\/personal\/fotos_vshadres_ac_at\/EqrWPZmZktlOoTHSBw4Nd10BAeTuJOOGdnqrqfTzSDX4Bw?e=scvYbb\">Fotos<\/a><\/p>\n","protected":false},"excerpt":{"rendered":"<p>Nach vier langen Jahren stand der gro\u00dfe Abschied bevor. Nach einem turbulenten Jahr mit Lehrerwechsel und Schularbeiten ging f\u00fcr die Kinder der 4. Klasse ein Abenteuer zu Ende! Nachdem einige Tr\u00e4nen vergossen wurden, gingen die Kinder in die wohlverdienten Ferien und freuen sich bereits auf die n\u00e4chste Schule. Es gab auch eine Abschlussfeier bei Familie &hellip; <\/p>\n<p class=\"link-more\"><a href=\"http:\/\/vshadres.ac.at\/?p=3877\" class=\"more-link\"><span class=\"screen-reader-text\">\u201eVerabschiedung der 4. Klasse\u201c<\/span> weiterlesen<\/a><\/p>\n","protected":false},"author":2,"featured_media":0,"comment_status":"closed","ping_status":"closed","sticky":false,"template":"","format":"standard","meta":{"footnotes":""},"categories":[1],"tags":[],"class_list":["post-3877","post","type-post","status-publish","format-standard","hentry","category-uncategorized"],"_links":{"self":[{"href":"http:\/\/vshadres.ac.at\/index.php?rest_route=\/wp\/v2\/posts\/3877","targetHints":{"allow":["GET"]}}],"collection":[{"href":"http:\/\/vshadres.ac.at\/index.php?rest_route=\/wp\/v2\/posts"}],"about":[{"href":"http:\/\/vshadres.ac.at\/index.php?rest_route=\/wp\/v2\/types\/post"}],"author":[{"embeddable":true,"href":"http:\/\/vshadres.ac.at\/index.php?rest_route=\/wp\/v2\/users\/2"}],"replies":[{"embeddable":true,"href":"http:\/\/vshadres.ac.at\/index.php?rest_route=%2Fwp%2Fv2%2Fcomments&post=3877"}],"version-history":[{"count":2,"href":"http:\/\/vshadres.ac.at\/index.php?rest_route=\/wp\/v2\/posts\/3877\/revisions"}],"predecessor-version":[{"id":3880,"href":"http:\/\/vshadres.ac.at\/index.php?rest_route=\/wp\/v2\/posts\/3877\/revisions\/3880"}],"wp:attachment":[{"href":"http:\/\/vshadres.ac.at\/index.php?rest_route=%2Fwp%2Fv2%2Fmedia&parent=3877"}],"wp:term":[{"taxonomy":"category","embeddable":true,"href":"http:\/\/vshadres.ac.at\/index.php?rest_route=%2Fwp%2Fv2%2Fcategories&post=3877"},{"taxonomy":"post_tag","embeddable":true,"href":"http:\/\/vshadres.ac.at\/index.php?rest_route=%2Fwp%2Fv2%2Ftags&post=3877"}],"curies":[{"name":"wp","href":"https:\/\/api.w.org\/{rel}","templated":true}]}}